{"id":682,"date":"2021-11-15T13:09:52","date_gmt":"2021-11-15T16:09:52","guid":{"rendered":"http:\/\/cec-ciecs.com.ar\/?p=682"},"modified":"2021-12-06T11:35:35","modified_gmt":"2021-12-06T14:35:35","slug":"sostenibilidad-energetica-jornada-sobre-experiencias-regionales","status":"publish","type":"post","link":"https:\/\/cec-ciecs.com.ar\/?p=682","title":{"rendered":"Sostenibilidad Energ\u00e9tica: Jornada sobre Experiencias Regionales."},"content":{"rendered":"\n<p>Realizada el pasado 25 de noviembre de 2021 y organizada conjuntamente por la Agencia de Protecci\u00f3n Ambiental- APrA &#8211; que depende de la Secretar\u00eda Ambiental del GCBA y el Centro de Investigaciones sobre Cultura y Sociedad-CIECS (CONICET y la  Universidad Nacional de C\u00f3rdoba) a trav\u00e9s del Comit\u00e9 de Energ\u00eda C\u00f3rdoba-CEC.<\/p>\n\n\n\n<p>Se habl\u00f3 sobre experiencias regionales  de C\u00f3rdoba, Santa Fe y CABA.<\/p>\n\n\n\n<p>Se adjunta enlace del evento.<\/p>\n\n\n\n<p><a rel=\"noreferrer noopener\" href=\"https:\/\/youtu.be\/lJEXuEOowMY\" target=\"_blank\">https:\/\/youtu.be\/lJEXuEOowMY<\/a><br><br>Programa :\u00a0<\/p>\n\n\n\n<div class=\"wp-block-file\"><a href=\"https:\/\/cec-ciecs.com.ar\/wp-content\/uploads\/2021\/11\/Programa1-Experiencias-Regionales-en-Sostenibilidad-1.pdf\">Programa1-Experiencias-Regionales-en-Sostenibilidad-1<\/a><a href=\"https:\/\/cec-ciecs.com.ar\/wp-content\/uploads\/2021\/11\/Programa1-Experiencias-Regionales-en-Sostenibilidad-1.pdf\" class=\"wp-block-file__button\" download>Descarga<\/a><\/div>\n\n\n\n<p>Cont\u00f3 con las adhesiones de  la Red Iberoamericana sobre Dom\u00f3tica y Eficiencia Energ\u00e9tica- RIDEE y la Fundaci\u00f3n Energ\u00eda C\u00f3rdoba.<\/p>\n\n\n\n<p><\/p>\n\n\n\n<figure class=\"wp-block-image size-large\"><img loading=\"lazy\" decoding=\"async\" width=\"1024\" height=\"991\" src=\"https:\/\/cec-ciecs.com.ar\/wp-content\/uploads\/2021\/11\/lo-BAambiente2-1-1024x991.jpg\" alt=\"\" class=\"wp-image-685\" srcset=\"https:\/\/cec-ciecs.com.ar\/wp-content\/uploads\/2021\/11\/lo-BAambiente2-1-1024x991.jpg 1024w, https:\/\/cec-ciecs.com.ar\/wp-content\/uploads\/2021\/11\/lo-BAambiente2-1-300x290.jpg 300w, https:\/\/cec-ciecs.com.ar\/wp-content\/uploads\/2021\/11\/lo-BAambiente2-1-768x743.jpg 768w, https:\/\/cec-ciecs.com.ar\/wp-content\/uploads\/2021\/11\/lo-BAambiente2-1-1200x1162.jpg 1200w, https:\/\/cec-ciecs.com.ar\/wp-content\/uploads\/2021\/11\/lo-BAambiente2-1.jpg 1280w\" sizes=\"auto, (max-width: 1024px) 100vw, 1024px\" \/><\/figure>\n\n\n\n<figure class=\"wp-block-image size-large\"><img loading=\"lazy\" decoding=\"async\" width=\"500\" height=\"210\" src=\"https:\/\/cec-ciecs.com.ar\/wp-content\/uploads\/2021\/11\/logo-ciecs-.jpg\" alt=\"\" class=\"wp-image-686\" srcset=\"https:\/\/cec-ciecs.com.ar\/wp-content\/uploads\/2021\/11\/logo-ciecs-.jpg 500w, https:\/\/cec-ciecs.com.ar\/wp-content\/uploads\/2021\/11\/logo-ciecs--300x126.jpg 300w\" sizes=\"auto, (max-width: 500px) 100vw, 500px\" \/><\/figure>\n","protected":false},"excerpt":{"rendered":"<p>Realizada el pasado 25 de noviembre de 2021 y organizada conjuntamente por la Agencia de Protecci\u00f3n Ambiental- APrA &#8211; que depende de la Secretar\u00eda Ambiental del GCBA y el Centro de Investigaciones sobre Cultura y Sociedad-CIECS (CONICET y la Universidad Nacional de C\u00f3rdoba) a trav\u00e9s del Comit\u00e9 de Energ\u00eda C\u00f3rdoba-CEC. Se habl\u00f3 sobre experiencias regionales [&hellip;]<\/p>\n","protected":false},"author":1,"featured_media":0,"comment_status":"closed","ping_status":"closed","sticky":false,"template":"","format":"standard","meta":{"footnotes":""},"categories":[1],"tags":[],"class_list":["post-682","post","type-post","status-publish","format-standard","hentry","category-sin-categoria"],"_links":{"self":[{"href":"https:\/\/cec-ciecs.com.ar\/index.php?rest_route=\/wp\/v2\/posts\/682","targetHints":{"allow":["GET"]}}],"collection":[{"href":"https:\/\/cec-ciecs.com.ar\/index.php?rest_route=\/wp\/v2\/posts"}],"about":[{"href":"https:\/\/cec-ciecs.com.ar\/index.php?rest_route=\/wp\/v2\/types\/post"}],"author":[{"embeddable":true,"href":"https:\/\/cec-ciecs.com.ar\/index.php?rest_route=\/wp\/v2\/users\/1"}],"replies":[{"embeddable":true,"href":"https:\/\/cec-ciecs.com.ar\/index.php?rest_route=%2Fwp%2Fv2%2Fcomments&post=682"}],"version-history":[{"count":3,"href":"https:\/\/cec-ciecs.com.ar\/index.php?rest_route=\/wp\/v2\/posts\/682\/revisions"}],"predecessor-version":[{"id":690,"href":"https:\/\/cec-ciecs.com.ar\/index.php?rest_route=\/wp\/v2\/posts\/682\/revisions\/690"}],"wp:attachment":[{"href":"https:\/\/cec-ciecs.com.ar\/index.php?rest_route=%2Fwp%2Fv2%2Fmedia&parent=682"}],"wp:term":[{"taxonomy":"category","embeddable":true,"href":"https:\/\/cec-ciecs.com.ar\/index.php?rest_route=%2Fwp%2Fv2%2Fcategories&post=682"},{"taxonomy":"post_tag","embeddable":true,"href":"https:\/\/cec-ciecs.com.ar\/index.php?rest_route=%2Fwp%2Fv2%2Ftags&post=682"}],"curies":[{"name":"wp","href":"https:\/\/api.w.org\/{rel}","templated":true}]}}