{"id":671,"date":"2021-11-07T16:07:25","date_gmt":"2021-11-07T19:07:25","guid":{"rendered":"http:\/\/cec-ciecs.com.ar\/?p=671"},"modified":"2021-11-07T19:10:54","modified_gmt":"2021-11-07T22:10:54","slug":"semana-chubut-sustentable-2021","status":"publish","type":"post","link":"https:\/\/cec-ciecs.com.ar\/?p=671","title":{"rendered":"&#8220;Semana Chubut Sustentable 2021&#8221;"},"content":{"rendered":"\n<p>Organizada por la Asociaci\u00f3n Argentina de Energ\u00edas Renovables y Ambiente- ASADES- y el Parque Tecnol\u00f3gico Puerto Madryn. <\/p>\n\n\n\n<p>La actividad que cont\u00f3 con la participaci\u00f3n de organismos, universidades y expertos de primer nivel nacional e internacional, fue &#8220;declarada de inter\u00e9s&#8221; por el Concejo Deliberante de Puerto Madryn y el Poder Legislativo de la Provincia de Chubut de Argentina. <\/p>\n\n\n\n<p>Entre los principales temas tratados, podemos mencionar arquitectura ambientalmente  conciente  y habitat, energ\u00eda solar, aplicaciones t\u00e9rmicas, agr\u00edcolas, qu\u00edmicas, conversi\u00f3n fotovoltaica, energ\u00edas e\u00f3lica, geot\u00e9rmica, mareomotriz, hidr\u00e1ulica, biomasa y biogas, uso eficiente y racional de la energ\u00eda, tecnolog\u00edas asociadas a las energ\u00edas renovables, radiaci\u00f3n solar y  clima.<br><br>Destacamos el espacio de sinergia creado para impulsar y acompa\u00f1ar el desarrollo de las energ\u00edas renovables y la eficiencia energ\u00e9tica, herramientas fundamentales para la mitigaci\u00f3n del cambio clim\u00e1tico.<\/p>\n\n\n\n<p>Participaron del evento como partners el Comit\u00e9 de Energ\u00eda C\u00f3rdoba-CEC- que depende del CIECS-CONICET y la Universidad Nacional de C\u00f3rdoba, la Red Iberoamericana de Dom\u00f3tica y Eficiencia Energ\u00e9tica- RIDEE- y la Fundaci\u00f3n Energ\u00eda C\u00f3rdoba.<\/p>\n\n\n\n<p>Ingresando a la p\u00e1ginas: <\/p>\n\n\n\n<p>asades.org.ar  podr\u00e1 verse el libro de res\u00famenes.<\/p>\n\n\n\n<p>asades2021.ar (durante el mes de noviembre) conferencias grabadas. <\/p>\n\n\n\n<figure class=\"wp-block-image size-large\"><img loading=\"lazy\" decoding=\"async\" width=\"1024\" height=\"1024\" src=\"https:\/\/cec-ciecs.com.ar\/wp-content\/uploads\/2021\/11\/lo-chubut-sust2021--1024x1024.jpg\" alt=\"\" class=\"wp-image-672\" srcset=\"https:\/\/cec-ciecs.com.ar\/wp-content\/uploads\/2021\/11\/lo-chubut-sust2021--1024x1024.jpg 1024w, https:\/\/cec-ciecs.com.ar\/wp-content\/uploads\/2021\/11\/lo-chubut-sust2021--300x300.jpg 300w, https:\/\/cec-ciecs.com.ar\/wp-content\/uploads\/2021\/11\/lo-chubut-sust2021--150x150.jpg 150w, https:\/\/cec-ciecs.com.ar\/wp-content\/uploads\/2021\/11\/lo-chubut-sust2021--768x768.jpg 768w, https:\/\/cec-ciecs.com.ar\/wp-content\/uploads\/2021\/11\/lo-chubut-sust2021-.jpg 1080w\" sizes=\"auto, (max-width: 1024px) 100vw, 1024px\" \/><\/figure>\n\n\n\n<ul class=\"wp-block-list\"><li><\/li><\/ul>\n\n\n\n<figure class=\"wp-block-gallery columns-1 is-cropped wp-block-gallery-1 is-layout-flex wp-block-gallery-is-layout-flex\"><ul class=\"blocks-gallery-grid\"><li class=\"blocks-gallery-item\"><figure><img loading=\"lazy\" decoding=\"async\" width=\"1024\" height=\"1024\" src=\"https:\/\/cec-ciecs.com.ar\/wp-content\/uploads\/2021\/11\/lo-agradec-asades--1024x1024.jpg\" alt=\"\" data-id=\"673\" data-full-url=\"https:\/\/cec-ciecs.com.ar\/wp-content\/uploads\/2021\/11\/lo-agradec-asades-.jpg\" data-link=\"https:\/\/cec-ciecs.com.ar\/?attachment_id=673\" class=\"wp-image-673\" srcset=\"https:\/\/cec-ciecs.com.ar\/wp-content\/uploads\/2021\/11\/lo-agradec-asades--1024x1024.jpg 1024w, https:\/\/cec-ciecs.com.ar\/wp-content\/uploads\/2021\/11\/lo-agradec-asades--300x300.jpg 300w, https:\/\/cec-ciecs.com.ar\/wp-content\/uploads\/2021\/11\/lo-agradec-asades--150x150.jpg 150w, https:\/\/cec-ciecs.com.ar\/wp-content\/uploads\/2021\/11\/lo-agradec-asades--768x768.jpg 768w, https:\/\/cec-ciecs.com.ar\/wp-content\/uploads\/2021\/11\/lo-agradec-asades-.jpg 1080w\" sizes=\"auto, (max-width: 1024px) 100vw, 1024px\" \/><\/figure><\/li><\/ul><\/figure>\n","protected":false},"excerpt":{"rendered":"<p>Organizada por la Asociaci\u00f3n Argentina de Energ\u00edas Renovables y Ambiente- ASADES- y el Parque Tecnol\u00f3gico Puerto Madryn. La actividad que cont\u00f3 con la participaci\u00f3n de organismos, universidades y expertos de primer nivel nacional e internacional, fue &#8220;declarada de inter\u00e9s&#8221; por el Concejo Deliberante de Puerto Madryn y el Poder Legislativo de la Provincia de Chubut [&hellip;]<\/p>\n","protected":false},"author":1,"featured_media":0,"comment_status":"closed","ping_status":"closed","sticky":false,"template":"","format":"standard","meta":{"footnotes":""},"categories":[1],"tags":[],"class_list":["post-671","post","type-post","status-publish","format-standard","hentry","category-sin-categoria"],"_links":{"self":[{"href":"https:\/\/cec-ciecs.com.ar\/index.php?rest_route=\/wp\/v2\/posts\/671","targetHints":{"allow":["GET"]}}],"collection":[{"href":"https:\/\/cec-ciecs.com.ar\/index.php?rest_route=\/wp\/v2\/posts"}],"about":[{"href":"https:\/\/cec-ciecs.com.ar\/index.php?rest_route=\/wp\/v2\/types\/post"}],"author":[{"embeddable":true,"href":"https:\/\/cec-ciecs.com.ar\/index.php?rest_route=\/wp\/v2\/users\/1"}],"replies":[{"embeddable":true,"href":"https:\/\/cec-ciecs.com.ar\/index.php?rest_route=%2Fwp%2Fv2%2Fcomments&post=671"}],"version-history":[{"count":4,"href":"https:\/\/cec-ciecs.com.ar\/index.php?rest_route=\/wp\/v2\/posts\/671\/revisions"}],"predecessor-version":[{"id":680,"href":"https:\/\/cec-ciecs.com.ar\/index.php?rest_route=\/wp\/v2\/posts\/671\/revisions\/680"}],"wp:attachment":[{"href":"https:\/\/cec-ciecs.com.ar\/index.php?rest_route=%2Fwp%2Fv2%2Fmedia&parent=671"}],"wp:term":[{"taxonomy":"category","embeddable":true,"href":"https:\/\/cec-ciecs.com.ar\/index.php?rest_route=%2Fwp%2Fv2%2Fcategories&post=671"},{"taxonomy":"post_tag","embeddable":true,"href":"https:\/\/cec-ciecs.com.ar\/index.php?rest_route=%2Fwp%2Fv2%2Ftags&post=671"}],"curies":[{"name":"wp","href":"https:\/\/api.w.org\/{rel}","templated":true}]}}