{"id":645,"date":"2021-09-19T11:59:21","date_gmt":"2021-09-19T14:59:21","guid":{"rendered":"http:\/\/cec-ciecs.com.ar\/?p=645"},"modified":"2021-09-19T12:22:28","modified_gmt":"2021-09-19T15:22:28","slug":"fundacion-energia-cordoba-presentacion","status":"publish","type":"post","link":"https:\/\/cec-ciecs.com.ar\/?p=645","title":{"rendered":"Fundaci\u00f3n Energ\u00eda C\u00f3rdoba: Presentaci\u00f3n"},"content":{"rendered":"\n<p>La Fundaci\u00f3n Energ\u00eda C\u00f3rdoba nace por iniciativa de expertos del Comit\u00e9 de Energ\u00eda C\u00f3rdoba- CEC- que depende del Centro de Investigaciones y Estudios sobre Cultura y Sociedad-CIECS- Unidad de doble dependencia del CONICET y la Universidad Nacional de C\u00f3rdoba.<\/p>\n\n\n\n<p>Desde sus inicios el CEC ha trabajado en numerosos proyectos colaborativos con organismos, universidades y empresas a nivel provincial, nacional e internacional, puntualmente en todo lo referente a la mitigaci\u00f3n del cambio clim\u00e1tico incentivando herramientas como eficiencia energ\u00e9tica, redes de aprendizaje y energ\u00edas renovables entre otras. En base a los pasos dados la Fundaci\u00f3n Energ\u00eda C\u00f3rdoba propone continuar con esta l\u00ednea de gesti\u00f3n profundizando los siguientes objetivos:<br>Avanzar en materia de desarrollo sostenible, mitigaci\u00f3n y adaptaci\u00f3n al cambio clim\u00e1tico, sostenibilidad energ\u00e9tica, transici\u00f3n energ\u00e9tica, descarbonizaci\u00f3n de la matriz energ\u00e9tica, pobreza energ\u00e9tica, acceso a la energ\u00eda, seguridad energ\u00e9tica, innovaci\u00f3n, energ\u00eda 4.0, energ\u00eda social, g\u00e9nero y energ\u00eda, eficiencia energ\u00e9tica, dom\u00f3tica, energ\u00edas renovables, bioenerg\u00eda, huella de carbono, econom\u00eda circular, ciudades inteligentes, redes inteligentes, modernizaci\u00f3n en redes de transporte y distribuci\u00f3n de energ\u00eda, generaci\u00f3n distribuida de energ\u00eda renovable, generaci\u00f3n distribuida comunitaria de energ\u00eda renovable, movilidad sostenible y sistemas de gesti\u00f3n de la energ\u00eda, las siguientes actividades:&nbsp;<\/p>\n\n\n\n<p>a) Investigaci\u00f3n y desarrollo experimental en el campo de las ciencias exactas y naturales;&nbsp;<br>b) Educaci\u00f3n, formaci\u00f3n y capacitaci\u00f3n;&nbsp;<br>c) Divulgaci\u00f3n, concientizaci\u00f3n, sensibilizaci\u00f3n y difusi\u00f3n;&nbsp;<br>d) Promoci\u00f3n, formaci\u00f3n, desarrollo e implementaci\u00f3n de programas y proyectos;&nbsp;<br>e) Coordinaci\u00f3n de redes de aprendizaje;&nbsp;<br>f) Articulaci\u00f3n de actores relevantes a nivel municipal, provincial, nacional e internacional de sectores p\u00fablicos y privados.<\/p>\n\n\n\n<p>Correo electr\u00f3nico provisorio: fundacionenergiacordoba@gmail.com<\/p>\n\n\n\n<p>Dise\u00f1o logo FEC: Federico Funes- levelupcba-Instagram<\/p>\n\n\n\n<p><\/p>\n\n\n\n<figure class=\"wp-block-image size-large\"><img loading=\"lazy\" decoding=\"async\" width=\"440\" height=\"439\" src=\"https:\/\/cec-ciecs.com.ar\/wp-content\/uploads\/2021\/09\/logo-cec-.jpg\" alt=\"\" class=\"wp-image-646\" srcset=\"https:\/\/cec-ciecs.com.ar\/wp-content\/uploads\/2021\/09\/logo-cec-.jpg 440w, https:\/\/cec-ciecs.com.ar\/wp-content\/uploads\/2021\/09\/logo-cec--300x300.jpg 300w, https:\/\/cec-ciecs.com.ar\/wp-content\/uploads\/2021\/09\/logo-cec--150x150.jpg 150w\" sizes=\"auto, (max-width: 440px) 100vw, 440px\" \/><\/figure>\n\n\n\n<figure class=\"wp-block-image size-large\"><img loading=\"lazy\" decoding=\"async\" width=\"1024\" height=\"512\" src=\"https:\/\/cec-ciecs.com.ar\/wp-content\/uploads\/2021\/09\/logo-fec-1024x512.jpg\" alt=\"\" class=\"wp-image-647\" srcset=\"https:\/\/cec-ciecs.com.ar\/wp-content\/uploads\/2021\/09\/logo-fec-1024x512.jpg 1024w, https:\/\/cec-ciecs.com.ar\/wp-content\/uploads\/2021\/09\/logo-fec-300x150.jpg 300w, https:\/\/cec-ciecs.com.ar\/wp-content\/uploads\/2021\/09\/logo-fec-768x384.jpg 768w, https:\/\/cec-ciecs.com.ar\/wp-content\/uploads\/2021\/09\/logo-fec.jpg 1182w\" sizes=\"auto, (max-width: 1024px) 100vw, 1024px\" \/><\/figure>\n","protected":false},"excerpt":{"rendered":"<p>La Fundaci\u00f3n Energ\u00eda C\u00f3rdoba nace por iniciativa de expertos del Comit\u00e9 de Energ\u00eda C\u00f3rdoba- CEC- que depende del Centro de Investigaciones y Estudios sobre Cultura y Sociedad-CIECS- Unidad de doble dependencia del CONICET y la Universidad Nacional de C\u00f3rdoba. Desde sus inicios el CEC ha trabajado en numerosos proyectos colaborativos con organismos, universidades y empresas [&hellip;]<\/p>\n","protected":false},"author":1,"featured_media":0,"comment_status":"closed","ping_status":"closed","sticky":false,"template":"","format":"standard","meta":{"footnotes":""},"categories":[1],"tags":[],"class_list":["post-645","post","type-post","status-publish","format-standard","hentry","category-sin-categoria"],"_links":{"self":[{"href":"https:\/\/cec-ciecs.com.ar\/index.php?rest_route=\/wp\/v2\/posts\/645","targetHints":{"allow":["GET"]}}],"collection":[{"href":"https:\/\/cec-ciecs.com.ar\/index.php?rest_route=\/wp\/v2\/posts"}],"about":[{"href":"https:\/\/cec-ciecs.com.ar\/index.php?rest_route=\/wp\/v2\/types\/post"}],"author":[{"embeddable":true,"href":"https:\/\/cec-ciecs.com.ar\/index.php?rest_route=\/wp\/v2\/users\/1"}],"replies":[{"embeddable":true,"href":"https:\/\/cec-ciecs.com.ar\/index.php?rest_route=%2Fwp%2Fv2%2Fcomments&post=645"}],"version-history":[{"count":4,"href":"https:\/\/cec-ciecs.com.ar\/index.php?rest_route=\/wp\/v2\/posts\/645\/revisions"}],"predecessor-version":[{"id":653,"href":"https:\/\/cec-ciecs.com.ar\/index.php?rest_route=\/wp\/v2\/posts\/645\/revisions\/653"}],"wp:attachment":[{"href":"https:\/\/cec-ciecs.com.ar\/index.php?rest_route=%2Fwp%2Fv2%2Fmedia&parent=645"}],"wp:term":[{"taxonomy":"category","embeddable":true,"href":"https:\/\/cec-ciecs.com.ar\/index.php?rest_route=%2Fwp%2Fv2%2Fcategories&post=645"},{"taxonomy":"post_tag","embeddable":true,"href":"https:\/\/cec-ciecs.com.ar\/index.php?rest_route=%2Fwp%2Fv2%2Ftags&post=645"}],"curies":[{"name":"wp","href":"https:\/\/api.w.org\/{rel}","templated":true}]}}