{"id":60,"date":"2017-02-20T20:30:28","date_gmt":"2017-02-20T23:30:28","guid":{"rendered":"http:\/\/cec-ciecs.com.ar\/?p=60"},"modified":"2021-07-08T22:38:09","modified_gmt":"2021-07-09T01:38:09","slug":"comisiones-de-expertos","status":"publish","type":"post","link":"https:\/\/cec-ciecs.com.ar\/?p=60","title":{"rendered":"Comisiones de Trabajo"},"content":{"rendered":"<p><strong>Coordinador: <\/strong>Sergio Devalis (CONICET y UNC)<\/p>\n<p><strong>Planificaci\u00f3n Energ\u00e9tica\u00a0<\/strong><\/p>\n<ul>\n<li>Carlos Ferrari (UTN- Electroingenier\u00eda ICS SA)<\/li>\n<li>Jorge Arcurio (UTN)<\/li>\n<li>Jorge Giubergia (Sec. Energ\u00eda de Salta)<\/li>\n<li>Pablo Frezzi (Electroingenier\u00eda ICS SA)<\/li>\n<li>Ariel Mohaded (UNC)<\/li>\n<li>Marcos Musso (Electroingenier\u00eda \u2013 ICS SA)<\/li>\n<li>Valent\u00edn Rigoni (UNC &#8211; Polit\u00e9cnico di Torino &#8211; University College Dublin)<\/li>\n<li>Rodrigo Stein (Electroingenier\u00eda ICS SA)<\/li>\n<\/ul>\n<p><strong>Eficiencia Energ\u00e9tica<\/strong><\/p>\n<ul>\n<li>Carlos A. Peranovich (UNC)<\/li>\n<li>Gabriel G\u00f3mez (UNC)<\/li>\n<li>Sergio Fritz (ITR &#8211; Renault Argentina)<\/li>\n<li>Daniel Formica (INTI- Centro Regional C\u00f3rdoba)<\/li>\n<li>Dario Fernandez (FIAT AUTO ARGENTINA)<\/li>\n<li>Lucas Sella Piedrabuena (DEGRA de Argentina)<\/li>\n<li>Ladislao Math\u00e9 (UNC)<\/li>\n<li>Jos\u00e9 Lu\u00eds Pilatti (GASus-UNC)<\/li>\n<\/ul>\n<p><strong>Regulaci\u00f3n Energ\u00e9tica\u00a0<\/strong><\/p>\n<ul>\n<li>Carla Devalis (CONICET-UNC)<\/li>\n<li>Gustavo Gattoni (EPEC)<\/li>\n<li>Mirta Gariglio (CEARE-UBA)<\/li>\n<\/ul>\n<p><strong>Formaci\u00f3n y Transferencia<\/strong><\/p>\n<ul>\n<li>Carlos Ferrari (UTN &#8211; Electroingenier\u00eda ICS SA)<\/li>\n<li>Jos\u00e9 Stella (UTN Santa Fe)<\/li>\n<li>Carlos Peranovich (UNC)<\/li>\n<\/ul>\n<p><strong style=\"color: inherit; font-size: 19px;\">Comunicaci\u00f3n Institucional<\/strong><\/p>\n<ul>\n<li>Federico Funes<\/li>\n<\/ul>\n<p><strong>Dom\u00f3tica y Eficiencia Energ\u00e9tica<\/strong><\/p>\n<ul>\n<li>Francisco Guzm\u00e1n Navarro (Instituto de Dom\u00f3tica y EE &#8211; Univ. de M\u00e1laga)<\/li>\n<li>Salvador Merino C\u00f3rdoba (Instituto de Dom\u00f3tica y EE &#8211; Univ. de M\u00e1laga)<\/li>\n<\/ul>\n<p><strong>Gesti\u00f3n de la Energ\u00eda<\/strong><\/p>\n<ul>\n<li>Jos\u00e9 Luis Larr\u00e9gola (Universitat Polit\u00e8cnica de Catalunya &#8211; Uni\u00f3n Europea)<\/li>\n<\/ul>\n<p><strong>Evaluaci\u00f3n de Proyectos de Energ\u00eda<\/strong><\/p>\n<ul>\n<li>Lu\u00eds Villagra (Uni\u00f3n Industrial de C\u00f3rdoba- UIC)<\/li>\n<\/ul>\n<p><strong>Sustentabilidad edilicia y ambiental<\/strong><\/p>\n<ul>\n<li>Edgardo Su\u00e1rez (Instituto de Sustentabilidad Edilicia)<\/li>\n<\/ul>\n<p><strong>Cambio Clim\u00e1tico<\/strong><\/p>\n<ul>\n<li>Santiago Reya (UNC)<\/li>\n<li>Teresa Reyna (UNC)<\/li>\n<li>Mar\u00eda L\u00e1baque (UNC)<\/li>\n<\/ul>\n<p><strong>Turismo<\/strong><\/p>\n<ul>\n<li>Marcelo Valdomero<\/li>\n<\/ul>\n<p><strong>Econom\u00eda de la Energ\u00eda y Medio Ambiente<\/strong><\/p>\n<ul>\n<li>Gustavo Alejandro Schweickardt. (CONICET \u2013 UTN FRCU)<\/li>\n<li>H\u00e9ctor Daniel Gatt\u00e1s (UNC)<\/li>\n<li>Juan Manuel Gimenez Alvarez (CONICET \u2013 FI UNSJ)<\/li>\n<li>Andr\u00e9s Emiliano Agosti (CEC \u2013 UTN FRCU)<\/li>\n<li>Donaldo Sloog (UNC)<\/li>\n<li>Emilio Gatt\u00e1s (UCC)<\/li>\n<\/ul>\n<p><strong>Comunidades Sustentables<\/strong><\/p>\n<ul>\n<li>Daniel Formica (INTI)<\/li>\n<li>Enrique Moiso (UNC- IPLAM)<\/li>\n<li>Marcos Bragachini (INTA)<\/li>\n<li>Lucas Recalde (Circuito Ecosustentable Sierras Chicas)<\/li>\n<li>Francisco Seco (Circuito Ecosustentable Sierras Chicas)<\/li>\n<li>Andres Agosti (UTN- INGENIA S.A.)<\/li>\n<li>Mario Riso (Secretar\u00eda de Desarrollo Energ\u00e9tico-MAASP)<\/li>\n<\/ul>\n<p><strong>Generaci\u00f3n Distribu\u00edda y Redes Inteligentes\u00a0<\/strong><\/p>\n<ul>\n<li>Miguel Piumetto (UNC)<\/li>\n<li>Juan Carlos G\u00f3mez Targarona (UNRC y UTN)<\/li>\n<li>Jorge Giubergia (Sec. Energ\u00eda de Salta)<\/li>\n<li>Jorge Vaschetti (UTN)<\/li>\n<\/ul>\n<p><strong>Vinculaci\u00f3n Tecnol\u00f3gica\u00a0<\/strong><\/p>\n<ul>\n<li>Oscar Oviedo (UNC- INFIQC-CONICET)<\/li>\n<li>Gast\u00f3n Rizzi (CIECS-CONICET y UNC)<\/li>\n<li>Eduardo Ferrero (CIECS-CONICET y UNC)<\/li>\n<\/ul>\n<p><strong>Energ\u00eda Solar\u00a0<\/strong><\/p>\n<ul>\n<li>Jorge \u00a0Barral (UNRC)<\/li>\n<li>Julio Dur\u00e1n (CNEA-UNSAM-IRESUD)<\/li>\n<li>Leonardo Ontivero IEE (CONICET y UNSJ)<\/li>\n<li>Emilio Gudemos (UNC)<\/li>\n<li>Mario Pierantonelli (UNVM)<\/li>\n<\/ul>\n<p><strong>Energ\u00eda E\u00f3lica\u00a0<\/strong><\/p>\n<ul>\n<li>Diego A. Franco (UCC- GIAFA SRL)<\/li>\n<li>Mario Riso (Secretar\u00eda de Desarrollo Energ\u00e9tico- MAASP)<\/li>\n<li>Sergio Preidikman (CONICET-UNC)<\/li>\n<li>Arturo Della Barca (ELECTROPART CORDOBA SA)<\/li>\n<\/ul>\n<p><strong>Biomasa\u00a0<\/strong><\/p>\n<ul>\n<li>Ramiro Rodr\u00edguez (UNC)<\/li>\n<li>C\u00e9sar Martinelli (UNC)<\/li>\n<li>Mirta Roitman (UNC)<\/li>\n<li>Gerardo Sucani (UNC)<\/li>\n<\/ul>\n<p><strong>Vectores Energ\u00e9ticos\u00a0<\/strong><\/p>\n<ul>\n<li>Ramiro Rodr\u00edguez (UNC)<\/li>\n<li>Ezequiel Leiva (CONICET-UNC)<\/li>\n<\/ul>\n<p><strong>Energ\u00eda Hidr\u00e1ulica\u00a0<\/strong><\/p>\n<ul>\n<li>Santiago Reyna (UNC)<\/li>\n<li>Ra\u00fal Karpowicz (Centro de Ingenieros Civiles de C\u00f3rdoba)<\/li>\n<li>Mar\u00eda L\u00e1baque (UNC)<\/li>\n<li>Teresa Reyna (UNC)<\/li>\n<\/ul>\n<p><strong>Cooperativas de Energ\u00edas<\/strong><\/p>\n<ul>\n<li>Osvaldo Jos\u00e9 (FECESCOR)<\/li>\n<\/ul>\n<p><strong>Ordenamiento Territorial\u00a0<\/strong><\/p>\n<ul>\n<li>Enrique \u00a0Moiso (UNC-IPLAM)<\/li>\n<li>Guillermo \u00a0Ir\u00f3s(UNC-IMPLAM)<\/li>\n<li>Augusto Bravo (UNC )<\/li>\n<li>C\u00e9sar Alonso (UNC)<\/li>\n<li>Vanesa Crissi (CONICET)<\/li>\n<\/ul>\n<p><strong>Energ\u00eda Nuclear\u00a0<\/strong><\/p>\n<ul>\n<li>H\u00e9ctor Malano (UTN)<\/li>\n<li>Gustavo Bustos (UTN)<\/li>\n<li>Pablo Cantero (UTN)<\/li>\n<li>Carlos Fern\u00e1ndez Acevedo (UTN)<\/li>\n<li>Francisco Gazzera (UTN)<\/li>\n<\/ul>\n<p><strong>Econom\u00eda en la energ\u00eda\u00a0<\/strong><\/p>\n<ul>\n<li>H\u00e9ctor Gatt\u00e1s (UNC)<\/li>\n<li>Donaldo Sloog (UNC)<\/li>\n<li>Emilio Gatt\u00e1s (UCC)<\/li>\n<\/ul>\n<p><strong>Electr\u00f3nica de potencia para la integraci\u00f3n de ER\u00a0<\/strong><\/p>\n<ul>\n<li>Guillermo Garc\u00eda ( CONICET-UNRC)<\/li>\n<li>German Oggier (CONICET-UNRC)<\/li>\n<li>Laureano Piris Botalla<\/li>\n<li>Andres Airabella Roberto Carballo<\/li>\n<li>Rub\u00e9n N\u00fa\u00f1ez, Aldo Benitez<\/li>\n<li>Jonathan Bosso ( Becarios CONICET-UNRC)<\/li>\n<\/ul>\n<p><strong>Relaciones Internacionales<\/strong><\/p>\n<ul>\n<li>Pablo Neder (CNRS- Universidad Par\u00eds 8)<\/li>\n<li>Alexander Freier (Universidad Cat\u00f3lica de C\u00f3rdoba. CONICET)<\/li>\n<li>Florencia Rubiolo (CONICET y UNC)<\/li>\n<\/ul>\n","protected":false},"excerpt":{"rendered":"<p>Coordinador: Sergio Devalis (CONICET y UNC) Planificaci\u00f3n Energ\u00e9tica\u00a0 Carlos Ferrari (UTN- Electroingenier\u00eda ICS SA) Jorge Arcurio (UTN) Jorge Giubergia (Sec. Energ\u00eda de Salta) Pablo Frezzi (Electroingenier\u00eda ICS SA) Ariel Mohaded (UNC) Marcos Musso (Electroingenier\u00eda \u2013 ICS SA) Valent\u00edn Rigoni (UNC &#8211; Polit\u00e9cnico di Torino &#8211; University College Dublin) Rodrigo Stein (Electroingenier\u00eda ICS SA) Eficiencia Energ\u00e9tica [&hellip;]<\/p>\n","protected":false},"author":1,"featured_media":0,"comment_status":"closed","ping_status":"closed","sticky":false,"template":"","format":"standard","meta":{"footnotes":""},"categories":[5],"tags":[],"class_list":["post-60","post","type-post","status-publish","format-standard","hentry","category-comisiones-de-trabajo"],"_links":{"self":[{"href":"https:\/\/cec-ciecs.com.ar\/index.php?rest_route=\/wp\/v2\/posts\/60","targetHints":{"allow":["GET"]}}],"collection":[{"href":"https:\/\/cec-ciecs.com.ar\/index.php?rest_route=\/wp\/v2\/posts"}],"about":[{"href":"https:\/\/cec-ciecs.com.ar\/index.php?rest_route=\/wp\/v2\/types\/post"}],"author":[{"embeddable":true,"href":"https:\/\/cec-ciecs.com.ar\/index.php?rest_route=\/wp\/v2\/users\/1"}],"replies":[{"embeddable":true,"href":"https:\/\/cec-ciecs.com.ar\/index.php?rest_route=%2Fwp%2Fv2%2Fcomments&post=60"}],"version-history":[{"count":17,"href":"https:\/\/cec-ciecs.com.ar\/index.php?rest_route=\/wp\/v2\/posts\/60\/revisions"}],"predecessor-version":[{"id":615,"href":"https:\/\/cec-ciecs.com.ar\/index.php?rest_route=\/wp\/v2\/posts\/60\/revisions\/615"}],"wp:attachment":[{"href":"https:\/\/cec-ciecs.com.ar\/index.php?rest_route=%2Fwp%2Fv2%2Fmedia&parent=60"}],"wp:term":[{"taxonomy":"category","embeddable":true,"href":"https:\/\/cec-ciecs.com.ar\/index.php?rest_route=%2Fwp%2Fv2%2Fcategories&post=60"},{"taxonomy":"post_tag","embeddable":true,"href":"https:\/\/cec-ciecs.com.ar\/index.php?rest_route=%2Fwp%2Fv2%2Ftags&post=60"}],"curies":[{"name":"wp","href":"https:\/\/api.w.org\/{rel}","templated":true}]}}