{"id":51,"date":"2016-12-06T18:21:17","date_gmt":"2016-12-06T21:21:17","guid":{"rendered":"http:\/\/cec-ciecs.com.ar\/?p=51"},"modified":"2016-12-06T18:21:17","modified_gmt":"2016-12-06T21:21:17","slug":"congreso-internacional-sobre-economia-verde-conciencia-y-accion","status":"publish","type":"post","link":"https:\/\/cec-ciecs.com.ar\/?p=51","title":{"rendered":"Congreso Internacional sobre Econom\u00eda Verde: Conciencia y Acci\u00f3n"},"content":{"rendered":"<div dir=\"auto\" style=\"color: #222222; font-family: arial, sans-serif; font-size: 12.8px;\">\u00a0<\/div>\n<div dir=\"auto\" style=\"color: #222222; font-family: arial, sans-serif; font-size: 12.8px; text-align: justify;\">Los d\u00edas 1 y 2 de diciembre pr\u00f3ximo pasado se realiz\u00f3 en C\u00f3rdoba el <em>Congreso Internacional sobre Econom\u00eda Verde: Conciencia y Acci\u00f3n, <\/em>donde el Comit\u00e9 de Energ\u00eda C\u00f3rdoba, CEC, que depende del CIECS (CONICET y UNC), estuvo representado por el Mgter- Ing. Andr\u00e9s Agosti (Investigador del GESE- UTN).<\/div>\n<div dir=\"auto\" style=\"color: #222222; font-family: arial, sans-serif; font-size: 12.8px; text-align: justify;\">\u00a0<\/div>\n<div dir=\"auto\" style=\"color: #222222; font-family: arial, sans-serif; font-size: 12.8px; text-align: justify;\">En el congreso, cada uno de los 300 l\u00edderes recibi\u00f3 una capacitaci\u00f3n de excelencia, asumiendo el compromiso de imponer una agenda verde en lo inmediato. Cada cual lo debe hacer en su propia \u00e1rea de influencia.<\/div>\n<div dir=\"auto\" style=\"color: #222222; font-family: arial, sans-serif; font-size: 12.8px; text-align: justify;\">\u00a0<\/div>\n<div dir=\"auto\" style=\"color: #222222; font-family: arial, sans-serif; font-size: 12.8px; text-align: justify;\">Es de destacar que este congreso fue el puntapi\u00e9 inicial para un trabajo a desarrollar durante todo el 2017, en donde se replicar\u00e1 la experiencia por medio de cursos, capacitaciones intensivas, notas de difusi\u00f3n, y otras herramientas, en toda instituci\u00f3n y\/o agrupaci\u00f3n que lo requiera.<\/div>\n<div dir=\"auto\" style=\"color: #222222; font-family: arial, sans-serif; font-size: 12.8px; text-align: justify;\">\u00a0<\/div>\n<div dir=\"auto\" style=\"color: #222222; font-family: arial, sans-serif; font-size: 12.8px;\">Algunas conclusiones y mas informaci\u00f3n en estos enlaces:<\/div>\n<div dir=\"auto\" style=\"color: #222222; font-family: arial, sans-serif; font-size: 12.8px;\">\u00a0<\/div>\n<div dir=\"auto\" style=\"color: #222222; font-family: arial, sans-serif; font-size: 12.8px;\"><a style=\"color: #1155cc;\" href=\"http:\/\/www.infobae.com\/economia\/rse\/2016\/12\/03\/conclusiones-del-primer-congreso-de-economia-verde\/\" target=\"_blank\" data-saferedirecturl=\"https:\/\/www.google.com\/url?hl=es&amp;q=http:\/\/www.infobae.com\/economia\/rse\/2016\/12\/03\/conclusiones-del-primer-congreso-de-economia-verde\/&amp;source=gmail&amp;ust=1481130282377000&amp;usg=AFQjCNF4Dt40kZ0Blojfa8XicJXSh0N0rw\" rel=\"noopener noreferrer\">http:\/\/www.infobae.com\/economi<wbr \/>a\/rse\/2016\/12\/03\/conclusiones-<wbr \/>del-primer-congreso-de-<wbr \/>economia-verde\/<\/a><\/div>\n<div dir=\"auto\" style=\"color: #222222; font-family: arial, sans-serif; font-size: 12.8px;\">\u00a0<\/div>\n<div dir=\"auto\" style=\"color: #222222; font-family: arial, sans-serif; font-size: 12.8px;\"><a style=\"color: #1155cc; font-size: 12.8px;\" href=\"https:\/\/m.facebook.com\/economiaverdeok\/\" target=\"_blank\" data-saferedirecturl=\"https:\/\/www.google.com\/url?hl=es&amp;q=https:\/\/m.facebook.com\/economiaverdeok\/&amp;source=gmail&amp;ust=1481213271472000&amp;usg=AFQjCNFacO5BOQfz49IQ2KMC5TkXZuXZog\" rel=\"noopener noreferrer\">https:\/\/m.facebook.com\/<wbr \/>economiaverdeok\/<\/a><\/div>\n<div dir=\"auto\" style=\"color: #222222; font-family: arial, sans-serif; font-size: 12.8px;\">\u00a0<\/div>\n<div dir=\"auto\" style=\"color: #222222; font-family: arial, sans-serif; font-size: 12.8px;\"><span style=\"color: #222222; font-family: arial, sans-serif;\"><span style=\"font-size: 12.8px;\"><a href=\"https:\/\/mobile.twitter.com\/economiaverdeok\">https:\/\/mobile.twitter.com\/economiaverdeok<\/a><\/span><\/span><\/div>\n<div dir=\"auto\" style=\"color: #222222; font-family: arial, sans-serif; font-size: 12.8px;\">\u00a0<\/div>\n<div dir=\"auto\" style=\"color: #222222; font-family: arial, sans-serif; font-size: 12.8px;\">\u00a0<\/div>\n<div dir=\"auto\" style=\"color: #222222; font-family: arial, sans-serif; font-size: 12.8px; text-align: center;\">\u00a0<\/div>\n<pre dir=\"auto\" style=\"color: #222222; font-family: arial, sans-serif; font-size: 12.8px; text-align: center;\"><em>\u00a0De izq. a dcha.: Dr. Mario Molina, <span style=\"font-size: 12.8px;\">Premio Nobel de Quimica, <br \/><\/span><\/em>Mgter. Ing. Andr\u00e9s Agosti (CEC) <em style=\"font-size: 12.8px;\"><span style=\"font-size: 12.8px;\">y Dr. Juan Verde, Presidente de la Advanced <br \/><\/span><\/em><em><span style=\"font-size: 12.8px;\">Leadership Foundation (Harvard) <\/span><\/em><\/pre>\n<h6 dir=\"auto\" style=\"color: #222222; font-family: arial, sans-serif; font-size: 12.8px; text-align: center;\"><em>\u00a0<\/em><\/h6>\n<div dir=\"auto\" style=\"color: #222222; font-family: arial, sans-serif; font-size: 12.8px; text-align: center;\">\u00a0<\/div>\n<div dir=\"auto\" style=\"color: #222222; font-family: arial, sans-serif; font-size: 12.8px; text-align: center;\">\u00a0<\/div>\n<div dir=\"auto\" style=\"color: #222222; font-family: arial, sans-serif; font-size: 12.8px; text-align: center;\">\u00a0<\/div>\n","protected":false},"excerpt":{"rendered":"<p>\u00a0 Los d\u00edas 1 y 2 de diciembre pr\u00f3ximo pasado se realiz\u00f3 en C\u00f3rdoba el Congreso Internacional sobre Econom\u00eda Verde: Conciencia y Acci\u00f3n, donde el Comit\u00e9 de Energ\u00eda C\u00f3rdoba, CEC, que depende del CIECS (CONICET y UNC), estuvo representado por el Mgter- Ing. Andr\u00e9s Agosti (Investigador del GESE- UTN). \u00a0 En el congreso, cada uno [&hellip;]<\/p>\n","protected":false},"author":1,"featured_media":50,"comment_status":"closed","ping_status":"closed","sticky":false,"template":"","format":"standard","meta":{"footnotes":""},"categories":[3],"tags":[],"class_list":["post-51","post","type-post","status-publish","format-standard","has-post-thumbnail","hentry","category-novedades"],"_links":{"self":[{"href":"https:\/\/cec-ciecs.com.ar\/index.php?rest_route=\/wp\/v2\/posts\/51","targetHints":{"allow":["GET"]}}],"collection":[{"href":"https:\/\/cec-ciecs.com.ar\/index.php?rest_route=\/wp\/v2\/posts"}],"about":[{"href":"https:\/\/cec-ciecs.com.ar\/index.php?rest_route=\/wp\/v2\/types\/post"}],"author":[{"embeddable":true,"href":"https:\/\/cec-ciecs.com.ar\/index.php?rest_route=\/wp\/v2\/users\/1"}],"replies":[{"embeddable":true,"href":"https:\/\/cec-ciecs.com.ar\/index.php?rest_route=%2Fwp%2Fv2%2Fcomments&post=51"}],"version-history":[{"count":0,"href":"https:\/\/cec-ciecs.com.ar\/index.php?rest_route=\/wp\/v2\/posts\/51\/revisions"}],"wp:featuredmedia":[{"embeddable":true,"href":"https:\/\/cec-ciecs.com.ar\/index.php?rest_route=\/wp\/v2\/media\/50"}],"wp:attachment":[{"href":"https:\/\/cec-ciecs.com.ar\/index.php?rest_route=%2Fwp%2Fv2%2Fmedia&parent=51"}],"wp:term":[{"taxonomy":"category","embeddable":true,"href":"https:\/\/cec-ciecs.com.ar\/index.php?rest_route=%2Fwp%2Fv2%2Fcategories&post=51"},{"taxonomy":"post_tag","embeddable":true,"href":"https:\/\/cec-ciecs.com.ar\/index.php?rest_route=%2Fwp%2Fv2%2Ftags&post=51"}],"curies":[{"name":"wp","href":"https:\/\/api.w.org\/{rel}","templated":true}]}}