{"id":49,"date":"2016-11-02T03:49:41","date_gmt":"2016-11-02T06:49:41","guid":{"rendered":"http:\/\/cec-ciecs.com.ar\/?p=49"},"modified":"2016-11-02T03:49:41","modified_gmt":"2016-11-02T06:49:41","slug":"la-empresa-provincial-de-energia-cordoba-epec-anuncio-la-colocacion-de-20-mil-luminarias-led-en-el-interior-de-la-provincia-de-cordoba","status":"publish","type":"post","link":"https:\/\/cec-ciecs.com.ar\/?p=49","title":{"rendered":"La Empresa Provincial de Energ\u00eda C\u00f3rdoba, EPEC, anunci\u00f3  la colocaci\u00f3n de 20 mil luminarias LED en el interior de la provincia de C\u00f3rdoba."},"content":{"rendered":"<div class=\"gmail_quote\" style=\"color: #222222; font-family: arial, sans-serif; font-size: 12.8px; text-align: justify;\"><i>En el acto de apertura realizado el 27\/10\/2016, el presidente Ingeniero Jorge Gonz\u00e1lez, destac\u00f3 entre otros puntos que el \u00a0Ing. Andr\u00e9s Agosti, integrante del Comit\u00e9 de Energ\u00eda C\u00f3rdoba, CEC (perteneciente al CIECS-CONICET y UNC), \u00a0se encuentra trabajando en conjunto con la EPEC para darle un marco cient\u00edfico\u00a0en todo el proceso licitatorio&#8221;.<\/i><\/div>\n<div class=\"gmail_quote\" style=\"color: #222222; font-family: arial, sans-serif; font-size: 12.8px;\"><i>\u00a0<\/i><\/div>\n<div class=\"gmail_quote\" style=\"color: #222222; font-family: arial, sans-serif; font-size: 12.8px;\"><i>Se ampl\u00eda la informaci\u00f3n en <a href=\"https:\/\/cec-ciecs.com.ar\/wp-content\/uploads\/2016\/11\/epec2.pdf\" target=\"_blank\" rel=\"noopener noreferrer\">este enlace<\/a><\/i><\/div>\n<div class=\"gmail_quote\" style=\"color: #222222; font-family: arial, sans-serif; font-size: 12.8px;\">\u00a0<\/div>\n<div class=\"gmail_quote\" style=\"color: #222222; font-family: arial, sans-serif; font-size: 12.8px;\">\u00a0<\/div>\n<div class=\"gmail_quote\" style=\"color: #222222; font-family: arial, sans-serif; font-size: 12.8px;\"><\/div>\n<div class=\"gmail_quote\" style=\"color: #222222; font-family: arial, sans-serif; font-size: 12.8px;\">\u00a0<\/div>\n<div class=\"gmail_quote\" style=\"color: #222222; font-family: arial, sans-serif; font-size: 12.8px;\">\u00a0<\/div>\n","protected":false},"excerpt":{"rendered":"<p>En el acto de apertura realizado el 27\/10\/2016, el presidente Ingeniero Jorge Gonz\u00e1lez, destac\u00f3 entre otros puntos que el \u00a0Ing. Andr\u00e9s Agosti, integrante del Comit\u00e9 de Energ\u00eda C\u00f3rdoba, CEC (perteneciente al CIECS-CONICET y UNC), \u00a0se encuentra trabajando en conjunto con la EPEC para darle un marco cient\u00edfico\u00a0en todo el proceso licitatorio&#8221;. \u00a0 Se ampl\u00eda la [&hellip;]<\/p>\n","protected":false},"author":1,"featured_media":47,"comment_status":"closed","ping_status":"closed","sticky":false,"template":"","format":"standard","meta":{"footnotes":""},"categories":[3],"tags":[],"class_list":["post-49","post","type-post","status-publish","format-standard","has-post-thumbnail","hentry","category-novedades"],"_links":{"self":[{"href":"https:\/\/cec-ciecs.com.ar\/index.php?rest_route=\/wp\/v2\/posts\/49","targetHints":{"allow":["GET"]}}],"collection":[{"href":"https:\/\/cec-ciecs.com.ar\/index.php?rest_route=\/wp\/v2\/posts"}],"about":[{"href":"https:\/\/cec-ciecs.com.ar\/index.php?rest_route=\/wp\/v2\/types\/post"}],"author":[{"embeddable":true,"href":"https:\/\/cec-ciecs.com.ar\/index.php?rest_route=\/wp\/v2\/users\/1"}],"replies":[{"embeddable":true,"href":"https:\/\/cec-ciecs.com.ar\/index.php?rest_route=%2Fwp%2Fv2%2Fcomments&post=49"}],"version-history":[{"count":0,"href":"https:\/\/cec-ciecs.com.ar\/index.php?rest_route=\/wp\/v2\/posts\/49\/revisions"}],"wp:featuredmedia":[{"embeddable":true,"href":"https:\/\/cec-ciecs.com.ar\/index.php?rest_route=\/wp\/v2\/media\/47"}],"wp:attachment":[{"href":"https:\/\/cec-ciecs.com.ar\/index.php?rest_route=%2Fwp%2Fv2%2Fmedia&parent=49"}],"wp:term":[{"taxonomy":"category","embeddable":true,"href":"https:\/\/cec-ciecs.com.ar\/index.php?rest_route=%2Fwp%2Fv2%2Fcategories&post=49"},{"taxonomy":"post_tag","embeddable":true,"href":"https:\/\/cec-ciecs.com.ar\/index.php?rest_route=%2Fwp%2Fv2%2Ftags&post=49"}],"curies":[{"name":"wp","href":"https:\/\/api.w.org\/{rel}","templated":true}]}}