{"id":40,"date":"2016-05-25T04:46:55","date_gmt":"2016-05-25T07:46:55","guid":{"rendered":"http:\/\/cec-ciecs.com.ar\/?p=40"},"modified":"2016-05-25T04:46:55","modified_gmt":"2016-05-25T07:46:55","slug":"ecosuiza-2017","status":"publish","type":"post","link":"https:\/\/cec-ciecs.com.ar\/?p=40","title":{"rendered":"Ecosuiza 2016"},"content":{"rendered":"<div style=\"color: #222222; font-family: arial, sans-serif; font-size: 12.8px; line-height: normal;\">\n<div><u><i><b>Jornada sobre Transporte Sustentable. Ecosuiza 2016<\/b><\/i><\/u>.<\/p>\n<\/div>\n<p> Organizado conjuntamente por la Embajada de Suiza y el Comit\u00e9 de Energ\u00eda C\u00f3rdoba, CEC (CIECS-CONICET y UNC).<\/p>\n<p>El evento se llev\u00f3\u00a0a cabo en C\u00f3rdoba el d\u00eda 8 de junio en el auditorio del CCT-CONICET C\u00f3rdoba.\u00a0<\/p><\/div>\n<div style=\"color: #222222; font-family: arial, sans-serif; font-size: 12.8px; line-height: normal;\">\u00a0<\/div>\n<div style=\"color: #222222; font-family: arial, sans-serif; font-size: 12.8px; line-height: normal;\">Puede consultarse aqu\u00ed el<a href=\"https:\/\/cec-ciecs.com.ar\/wp-content\/uploads\/2016\/05\/Programa-Jornada-EcoSuiza-CORDOBA-23.05.pdf\" target=\"_blank\" rel=\"noopener noreferrer\"> programa<\/a><\/div>\n","protected":false},"excerpt":{"rendered":"<p>Jornada sobre Transporte Sustentable. Ecosuiza 2016. Organizado conjuntamente por la Embajada de Suiza y el Comit\u00e9 de Energ\u00eda C\u00f3rdoba, CEC (CIECS-CONICET y UNC). El evento se llev\u00f3\u00a0a cabo en C\u00f3rdoba el d\u00eda 8 de junio en el auditorio del CCT-CONICET C\u00f3rdoba.\u00a0 \u00a0 Puede consultarse aqu\u00ed el programa<\/p>\n","protected":false},"author":1,"featured_media":0,"comment_status":"closed","ping_status":"closed","sticky":false,"template":"","format":"standard","meta":{"footnotes":""},"categories":[3],"tags":[],"class_list":["post-40","post","type-post","status-publish","format-standard","hentry","category-novedades"],"_links":{"self":[{"href":"https:\/\/cec-ciecs.com.ar\/index.php?rest_route=\/wp\/v2\/posts\/40","targetHints":{"allow":["GET"]}}],"collection":[{"href":"https:\/\/cec-ciecs.com.ar\/index.php?rest_route=\/wp\/v2\/posts"}],"about":[{"href":"https:\/\/cec-ciecs.com.ar\/index.php?rest_route=\/wp\/v2\/types\/post"}],"author":[{"embeddable":true,"href":"https:\/\/cec-ciecs.com.ar\/index.php?rest_route=\/wp\/v2\/users\/1"}],"replies":[{"embeddable":true,"href":"https:\/\/cec-ciecs.com.ar\/index.php?rest_route=%2Fwp%2Fv2%2Fcomments&post=40"}],"version-history":[{"count":0,"href":"https:\/\/cec-ciecs.com.ar\/index.php?rest_route=\/wp\/v2\/posts\/40\/revisions"}],"wp:attachment":[{"href":"https:\/\/cec-ciecs.com.ar\/index.php?rest_route=%2Fwp%2Fv2%2Fmedia&parent=40"}],"wp:term":[{"taxonomy":"category","embeddable":true,"href":"https:\/\/cec-ciecs.com.ar\/index.php?rest_route=%2Fwp%2Fv2%2Fcategories&post=40"},{"taxonomy":"post_tag","embeddable":true,"href":"https:\/\/cec-ciecs.com.ar\/index.php?rest_route=%2Fwp%2Fv2%2Ftags&post=40"}],"curies":[{"name":"wp","href":"https:\/\/api.w.org\/{rel}","templated":true}]}}