{"id":36,"date":"2016-03-23T13:15:55","date_gmt":"2016-03-23T16:15:55","guid":{"rendered":"http:\/\/cec-ciecs.com.ar\/?p=36"},"modified":"2016-03-23T13:15:55","modified_gmt":"2016-03-23T16:15:55","slug":"conicet-propone-incorporar-400-mw-de-energias-renovables-en-cordoba-durante-los-proximos-15-anos","status":"publish","type":"post","link":"https:\/\/cec-ciecs.com.ar\/?p=36","title":{"rendered":"CONICET propone incorporar 400 MW de energ\u00edas renovables en C\u00f3rdoba durante los proximos 15 a\u00f1os"},"content":{"rendered":"<p>Seg\u00fan Carlos Ferrari \u201cla matriz energ\u00eda el\u00e9ctrica utilizada en C\u00f3rdoba proviene de generaci\u00f3n provincial y de \u00a0generaciones ubicadas en el resto del pa\u00eds que ingresan al SIP (Sistema Interconectado Provincial) a trav\u00e9s de las estaciones de 500kV\u201d. \u201cEs por \u00e9sta raz\u00f3n que para definir la matriz de consumo de energ\u00eda el\u00e9ctrica de nuestra provincia, \u00a0es necesario determinar el porcentaje de energ\u00eda tomada del sistema nacional, cuya matriz es distinta a la provincial\u201d, indico a la revista Energ\u00eda Eststrategica el Ing.Ferrari, miembro del Centro de Investigaciones y Estudios sobre la Cultura y Sociedad (CIECS-CONICET y UNC), directivo del Comit\u00e9 de Energ\u00eda de C\u00f3rdoba (CEC) e integrante de la Comisi\u00f3n de Matriz Energ\u00e9tica del Consejo Asesor.Nota completa en el siguiente\u00a0<a href=\"http:\/\/www.energiaestrategica.com\/cordoba-planifica-instalar-en-15-anos-casi-400-mw-de-energias-renovables\/\">link.<\/a><\/p>\n<\/p>\n<hr \/>\n<p>\u00a0<\/p>\n","protected":false},"excerpt":{"rendered":"<p>Seg\u00fan Carlos Ferrari \u201cla matriz energ\u00eda el\u00e9ctrica utilizada en C\u00f3rdoba proviene de generaci\u00f3n provincial y de \u00a0generaciones ubicadas en el resto del pa\u00eds que ingresan al SIP (Sistema Interconectado Provincial) a trav\u00e9s de las estaciones de 500kV\u201d. \u201cEs por \u00e9sta raz\u00f3n que para definir la matriz de consumo de energ\u00eda el\u00e9ctrica de nuestra provincia, \u00a0es [&hellip;]<\/p>\n","protected":false},"author":1,"featured_media":35,"comment_status":"closed","ping_status":"closed","sticky":false,"template":"","format":"standard","meta":{"footnotes":""},"categories":[3],"tags":[],"class_list":["post-36","post","type-post","status-publish","format-standard","has-post-thumbnail","hentry","category-novedades"],"_links":{"self":[{"href":"https:\/\/cec-ciecs.com.ar\/index.php?rest_route=\/wp\/v2\/posts\/36","targetHints":{"allow":["GET"]}}],"collection":[{"href":"https:\/\/cec-ciecs.com.ar\/index.php?rest_route=\/wp\/v2\/posts"}],"about":[{"href":"https:\/\/cec-ciecs.com.ar\/index.php?rest_route=\/wp\/v2\/types\/post"}],"author":[{"embeddable":true,"href":"https:\/\/cec-ciecs.com.ar\/index.php?rest_route=\/wp\/v2\/users\/1"}],"replies":[{"embeddable":true,"href":"https:\/\/cec-ciecs.com.ar\/index.php?rest_route=%2Fwp%2Fv2%2Fcomments&post=36"}],"version-history":[{"count":0,"href":"https:\/\/cec-ciecs.com.ar\/index.php?rest_route=\/wp\/v2\/posts\/36\/revisions"}],"wp:featuredmedia":[{"embeddable":true,"href":"https:\/\/cec-ciecs.com.ar\/index.php?rest_route=\/wp\/v2\/media\/35"}],"wp:attachment":[{"href":"https:\/\/cec-ciecs.com.ar\/index.php?rest_route=%2Fwp%2Fv2%2Fmedia&parent=36"}],"wp:term":[{"taxonomy":"category","embeddable":true,"href":"https:\/\/cec-ciecs.com.ar\/index.php?rest_route=%2Fwp%2Fv2%2Fcategories&post=36"},{"taxonomy":"post_tag","embeddable":true,"href":"https:\/\/cec-ciecs.com.ar\/index.php?rest_route=%2Fwp%2Fv2%2Ftags&post=36"}],"curies":[{"name":"wp","href":"https:\/\/api.w.org\/{rel}","templated":true}]}}