{"id":22,"date":"2016-03-16T13:58:21","date_gmt":"2016-03-16T16:58:21","guid":{"rendered":"http:\/\/cec-ciecs.com.ar\/?p=22"},"modified":"2016-03-16T13:58:21","modified_gmt":"2016-03-16T16:58:21","slug":"municipios-y-cooperativas-de-servicio-electrico-frente-al-cambio-climatico-2","status":"publish","type":"post","link":"https:\/\/cec-ciecs.com.ar\/?p=22","title":{"rendered":"Municipios y cooperativas de servicio el\u00e9ctrico frente al cambio Clim\u00e1tico"},"content":{"rendered":"<h2>Municipios y cooperativas de servicio el\u00e9ctrico frente al cambio Clim\u00e1tico<\/h2>\n<p>El d\u00eda 10 de marzo se realiz\u00f3 la jornada \u201cMunicipios y cooperativas de servicio el\u00e9ctrico frente al cambio Clim\u00e1tico\u201d. El evento se desarroll\u00f3 en el auditorio del Centro Cient\u00edfico y Tecnol\u00f3gico de C\u00f3rdoba y fue organizado por el Comit\u00e9 de Energ\u00edas C\u00f3rdoba, CEC, que depende del CIECS-CONICET y UNC.<\/p>\n<p>En el seminario disertaron el Ing. <a href=\"..\/pdf\/cec5\/1bert.pdf\">Ricardo bertolino<\/a>,\u00a0<a href=\"..\/pdf\/cec5\/2riso.pdf\">Lic. Mario Risso,<\/a> <a href=\"..\/pdf\/cec5\/3agos.pdf\">Mgt. Andr\u00e9s Agosti<\/a>, <a href=\"..\/pdf\/cec5\/4cferrari.pdf\">Ing. Carlos Ferrari<\/a>\u00a0<a href=\"..\/pdf\/cec5\/5cferr.pdf\">parte 2<\/a> <a href=\"..\/pdf\/cec5\/8cferrjor.pdf\">y 3<\/a> Ing. Ariel Mohaded, Ing. <a href=\"..\/pdf\/cec5\/6brag.pdf\">Sergio Bragagnolo<\/a>,\u00a0<a href=\"..\/pdf\/cec5\/5musso.pdf\">Cr. Marcos Musso<\/a> y <a href=\"..\/pdf\/cec5\/7reyna.pdf\">Dr. Santiago Reyna<\/a>, entre otros.<\/p>\n<p><strong> <a href=\"..\/pdf\/cec5\/0prog.pdf\">Programa<\/a><\/strong><\/p>\n<p>Moderador: Dr. Ramiro Rodr\u00edguez<\/p>\n<p><strong>Jueves 10 de Marzo de 2016<\/strong><br \/>08:30 hs. \u2013<strong> Acreditaciones<\/strong><br \/>09:00 hs. \u2013 <strong>Acto de apertura autoridade<\/strong>s<br \/>CIECS (CONICET y UNC)<br \/>Universidad Nacional de C\u00f3rdoba<br \/>Secretar\u00eda de Desarrollo Energ\u00e9tico- MAASP<br \/>Comit\u00e9 de Energ\u00edas C\u00f3rdoba (CEC)<br \/>09:30 hs. \u2013 <strong>\u201cCoordinando acciones municipales frente al cambio clim\u00e1tico\u201d.<\/strong><br \/>Ing. Ricardo Bertolino, Red Argentina de Municipios contra el cambio clim\u00e1tico, RAMCC.<br \/>10:00 hs. \u2013 <strong>\u201cPol\u00edticas p\u00fablicas en energ\u00edas renovables y uso eficiente en el interior provincial\u201d.<\/strong><br \/>Casos Sierras Chicas y Plan de Desarrollo del Noroeste.<br \/>Ing. Claudio Pu\u00e9rtolas,<br \/>Lic. Mario Riso,<br \/>Secretar\u00eda de Desarrollo Energ\u00e9tico de la Provincia de C\u00f3rdoba. MAASP C\u00f3rdoba.<br \/>10:30 hs. \u2013 <strong>\u201cModelo de transformaci\u00f3n social-ambiental, mediante la aplicaci\u00f3n de eficiencia<\/strong><br \/><strong>energ\u00e9tica en los servicios p\u00fablicos: alumbrado y residuos&#8221;<\/strong><br \/>Mg. Ing. Andr\u00e9s Agosti, Comit\u00e9 de Energ\u00edas C\u00f3rdoba, CEC- GESE-UTN-INGENIA SA.<br \/>11:00 hs. \u2013<strong> \u201cImportancia de la energ\u00eda e\u00f3lica en el cambio de la matriz de energ\u00eda el\u00e9ctrica\u201d<\/strong><br \/>Ing. Carlos Ferrari (CEC-UNC-UTN-ELECTROINGENIERIA ICS SA).<br \/>11:30 hs. \u2013 <strong>Intervalo<\/strong><br \/>12:00 hs. \u2013 <strong>\u201cAn\u00e1lisis de factibilidad de un parque e\u00f3lico en la Provincia de C\u00f3rdoba\u201d<\/strong><br \/>Ing. Ariel Mohaded, CEC- UNC.<br \/>Ing. Sergio Bragagnolo, CEC-UNC.<br \/>12:30 hs. \u2013 <strong>Ley N\u00b027.191 Incentivos para Inversiones en Energ\u00edas Renovables<\/strong><br \/>Cr. Marcos Musso, CEC- ELECTROINGENIERIA ICS SA.<br \/>13:00 hs. \u2013 I<strong>mpacto del cambio clim\u00e1tico en el manejo de los excedentes h\u00eddricos a nivel municipal:<\/strong><br \/><strong> An\u00e1lisis de las inundaciones actuales<\/strong><br \/>Dr. Santiago Reyna, CEC &#8211; UNC<br \/>13:30 hs. \u2013 <strong>Cierre<\/strong><br \/>Lugar: Auditorio del Centro Cient\u00edfico Tecnol\u00f3gico C\u00f3rdoba (CCT CONICET C\u00f3rdoba)<br \/>Direcci\u00f3n: Av. Velez Sarsfield 1611. Ciudad Universitaria- C\u00f3rdoba. Argentina<\/p>\n","protected":false},"excerpt":{"rendered":"<p>Municipios y cooperativas de servicio el\u00e9ctrico frente al cambio Clim\u00e1tico El d\u00eda 10 de marzo se realiz\u00f3 la jornada \u201cMunicipios y cooperativas de servicio el\u00e9ctrico frente al cambio Clim\u00e1tico\u201d. El evento se desarroll\u00f3 en el auditorio del Centro Cient\u00edfico y Tecnol\u00f3gico de C\u00f3rdoba y fue organizado por el Comit\u00e9 de Energ\u00edas C\u00f3rdoba, CEC, que depende [&hellip;]<\/p>\n","protected":false},"author":1,"featured_media":0,"comment_status":"closed","ping_status":"closed","sticky":false,"template":"","format":"standard","meta":{"footnotes":""},"categories":[6],"tags":[],"class_list":["post-22","post","type-post","status-publish","format-standard","hentry","category-seminarios"],"_links":{"self":[{"href":"https:\/\/cec-ciecs.com.ar\/index.php?rest_route=\/wp\/v2\/posts\/22","targetHints":{"allow":["GET"]}}],"collection":[{"href":"https:\/\/cec-ciecs.com.ar\/index.php?rest_route=\/wp\/v2\/posts"}],"about":[{"href":"https:\/\/cec-ciecs.com.ar\/index.php?rest_route=\/wp\/v2\/types\/post"}],"author":[{"embeddable":true,"href":"https:\/\/cec-ciecs.com.ar\/index.php?rest_route=\/wp\/v2\/users\/1"}],"replies":[{"embeddable":true,"href":"https:\/\/cec-ciecs.com.ar\/index.php?rest_route=%2Fwp%2Fv2%2Fcomments&post=22"}],"version-history":[{"count":0,"href":"https:\/\/cec-ciecs.com.ar\/index.php?rest_route=\/wp\/v2\/posts\/22\/revisions"}],"wp:attachment":[{"href":"https:\/\/cec-ciecs.com.ar\/index.php?rest_route=%2Fwp%2Fv2%2Fmedia&parent=22"}],"wp:term":[{"taxonomy":"category","embeddable":true,"href":"https:\/\/cec-ciecs.com.ar\/index.php?rest_route=%2Fwp%2Fv2%2Fcategories&post=22"},{"taxonomy":"post_tag","embeddable":true,"href":"https:\/\/cec-ciecs.com.ar\/index.php?rest_route=%2Fwp%2Fv2%2Ftags&post=22"}],"curies":[{"name":"wp","href":"https:\/\/api.w.org\/{rel}","templated":true}]}}