{"id":20,"date":"2016-03-15T14:44:22","date_gmt":"2016-03-15T17:44:22","guid":{"rendered":"http:\/\/cec-ciecs.com.ar\/?p=20"},"modified":"2016-03-15T14:44:22","modified_gmt":"2016-03-15T17:44:22","slug":"energias-alternativas","status":"publish","type":"post","link":"https:\/\/cec-ciecs.com.ar\/?p=20","title":{"rendered":"Energ\u00edas Alternativas"},"content":{"rendered":"<h2>Energ\u00edas Alternativas<\/h2>\n<p><strong>Presentaci\u00f3n Comit\u00e9 Energ\u00edas C\u00f3rdoba (CEC)<\/strong><\/p>\n<p>Mgter. Sergio Devalis CIECS-(CONICET-UNC)- Ing. Gustavo Gattoni (EPEC)<\/p>\n<p>ARCHIVO:<a href=\"..\/pdf\/cec2\/CEC.rar\"> CEC<\/a><\/p>\n<hr \/>\n<p><strong>Presentaci\u00f3n del libro \u201cMatriz de recursos energ\u00e9ticos de la Provincia de C\u00f3rdoba\u201d<\/strong><\/p>\n<p>Ing. Carlos Ferrari (ELECTROINGENIERIA ICS SA)- Ing. Gabriel G\u00f3mez(UNC)\u00a0<\/p>\n<p>ARCHIVO:\u00a0<a href=\"..\/pdf\/cec2\/MATRIZ.rar\">MATRIZ<\/a><\/p>\n<hr \/>\n<p><strong>Modelo de crecimiento del sistema el\u00e9ctrico de la provincia de C\u00f3rdoba<\/strong><\/p>\n<p>Ing. Carlos Ferrari (ELECTROINGENIERIA ICS SA-UTN)<\/p>\n<p>ARCHIVO:<a href=\"..\/pdf\/cec2\/CRECIMIENTO.rar\"> CRECIMIENTO<\/a><\/p>\n<hr \/>\n<p><strong>Impacto de la red inteligente y la generaci\u00f3n distribuida en los sistemas el\u00e9ctricos de distribuci\u00f3n<\/strong><\/p>\n<p>Dr. Juan Carlos G\u00f3mez Targarona (UNRC), Ing.Miguel Piumetto (UNC), Ing. Jorge Vaschetti(UTN)\u00a0<\/p>\n<p>ARCHIVO:\u00a0<a href=\"..\/pdf\/cec2\/REDES.rar\">REDES<\/a><\/p>\n<hr \/>\n<p><strong>Urbanizaci\u00f3n, movilidad y demanda energ\u00e9tica\u00a0<\/strong><\/p>\n<p>Arq. Enrique Moiso (IPLAM-UNC), Arq. Augusto Bravo (IPLAM-UNC)<\/p>\n<p>ARCHIVO:<a href=\"..\/pdf\/cec2\/URBAN.rar\"> URBAN<\/a><\/p>\n<hr \/>\n<p><strong>Eficiencia energ\u00e9tica.<\/strong>\u00a0<\/p>\n<p>Ing. Gabriel G\u00f3mez (UNC), Ing. Ladislao Math\u00e9 (UNC)<\/p>\n<p>ARCHIVO:\u00a0<a href=\"..\/pdf\/cec2\/EFICIENCIA.rar\">EFICIENCIA<\/a><\/p>\n<hr \/>\n<p><strong>Hacia un aprovechamiento \u00f3ptimo de las energ\u00edas sustentables: vectores energ\u00e9ticos.\u00a0<\/strong><\/p>\n<p>Dr. Osvaldo C\u00e1mara (UNC), Dr. Ezequiel Leyva (CONICET-UNC), Dr. Ramiro Rodr\u00edguez (UNC)<\/p>\n<p>ARCHIVOS: <a href=\"..\/pdf\/cec2\/VEC.rar\">VECTORES<\/a>\u00a0y\u00a0<a href=\"..\/pdf\/cec2\/BATERIAS.rar\">BATERIAS<\/a><\/p>\n<hr \/>\n<p><strong>Energ\u00eda E\u00f3lica.<\/strong><\/p>\n<p>Ing. Gustavo Gattoni (EPEC)\u00a0<\/p>\n<p>ARCHIVO:<a href=\"..\/pdf\/cec2\/EOLICO.rar\"> EOLICO<\/a><\/p>\n<p>\u00a0<\/p>\n<p>\u00a0<\/p>\n<hr \/>\n<p>\u00a0<\/p>\n<p><strong>Pautas para el desarrollo de la energ\u00eda solar en C\u00f3rdoba\u00a0<\/strong><\/p>\n<p>Ing. Jorge Barral (UNRC), Ing. Mario Pierantonelli (UNVM), Prof. Emilio Gudemos (UNC)<\/p>\n<p>ARCHIVOS: <a href=\"..\/pdf\/cec2\/SOLAR.rar\">SOLAR<\/a>, <a href=\"..\/pdf\/cec2\/SOLAR.rar\">SOLARFOTOV<\/a>\u00a0y<a href=\"..\/pdf\/cec2\/VEHIC.rar\"> VEHIC<\/a><\/p>\n<hr \/>\n<p><strong>La energ\u00eda hidroel\u00e9ctrica en C\u00f3rdoba ante el paradigma ambiental\u00a0<\/strong><\/p>\n<p>Dr. Santiago Reyna (UNC), Dra. Teresa Reyna (UNC), Ing. Mar\u00eda L\u00e1baque (UNC)<\/p>\n<p>ARCHIVO:\u00a0<a href=\"..\/pdf\/cec2\/HIDRO.rar\">HIDRO<\/a><\/p>\n<hr \/>\n<p><strong>Participaci\u00f3n de la energ\u00eda nuclear en la matriz de generaci\u00f3n el\u00e9ctrica\u00a0<\/strong><\/p>\n<p>Ing. H\u00e9ctor Malano (UTN), Ing. Gustavo Bustos (UTN), Ing. Pablo Cantero (UTN)\u00a0<\/p>\n<p>Ing. Carlos Fernandez Acevedo (UTN), Ing. Francisco Gazzera (UTN)<\/p>\n<p>ARCHIVO:<a href=\"..\/pdf\/cec2\/NUCLEAR.rar\"> NUCLEAR<\/a><\/p>\n<hr \/>\n<p><strong>Producci\u00f3n de energ\u00eda a partir de biomasa\u00a0<\/strong><\/p>\n<p>Dr. Ramiro Rodr\u00edguez (UNC), Ing. Cesar Martinelli (UNC), Ing. Mirta Roitman (UNC)<\/p>\n<p>ARCHIVO:\u00a0<a href=\"..\/pdf\/cec2\/BIOMASA.rar\">BIOMASA<\/a><\/p>\n<hr \/>\n<p><strong>Cluster de Empresas de Energ\u00eda<\/strong><\/p>\n<p>EPEC, ELECTROINGENIERIA ICS SA, Estado de Baviera, Representaci\u00f3n para Sudam\u00e9rica, C\u00e1mara de Industria y Comercio Argentino-Alemana (AHK Argentina)<\/p>\n<p>ARCHIVOS:<a href=\"..\/pdf\/cec2\/AHK.rar\"> AHK<\/a> y\u00a0<a href=\"..\/pdf\/cec2\/Baviera.rar\">Baviera \u00a0<\/a><\/p>\n<p>\u00a0<\/p>\n","protected":false},"excerpt":{"rendered":"<p>Energ\u00edas Alternativas Presentaci\u00f3n Comit\u00e9 Energ\u00edas C\u00f3rdoba (CEC) Mgter. Sergio Devalis CIECS-(CONICET-UNC)- Ing. Gustavo Gattoni (EPEC) ARCHIVO: CEC Presentaci\u00f3n del libro \u201cMatriz de recursos energ\u00e9ticos de la Provincia de C\u00f3rdoba\u201d Ing. Carlos Ferrari (ELECTROINGENIERIA ICS SA)- Ing. Gabriel G\u00f3mez(UNC)\u00a0 ARCHIVO:\u00a0MATRIZ Modelo de crecimiento del sistema el\u00e9ctrico de la provincia de C\u00f3rdoba Ing. Carlos Ferrari (ELECTROINGENIERIA ICS [&hellip;]<\/p>\n","protected":false},"author":1,"featured_media":0,"comment_status":"closed","ping_status":"closed","sticky":false,"template":"","format":"standard","meta":{"footnotes":""},"categories":[6],"tags":[],"class_list":["post-20","post","type-post","status-publish","format-standard","hentry","category-seminarios"],"_links":{"self":[{"href":"https:\/\/cec-ciecs.com.ar\/index.php?rest_route=\/wp\/v2\/posts\/20","targetHints":{"allow":["GET"]}}],"collection":[{"href":"https:\/\/cec-ciecs.com.ar\/index.php?rest_route=\/wp\/v2\/posts"}],"about":[{"href":"https:\/\/cec-ciecs.com.ar\/index.php?rest_route=\/wp\/v2\/types\/post"}],"author":[{"embeddable":true,"href":"https:\/\/cec-ciecs.com.ar\/index.php?rest_route=\/wp\/v2\/users\/1"}],"replies":[{"embeddable":true,"href":"https:\/\/cec-ciecs.com.ar\/index.php?rest_route=%2Fwp%2Fv2%2Fcomments&post=20"}],"version-history":[{"count":0,"href":"https:\/\/cec-ciecs.com.ar\/index.php?rest_route=\/wp\/v2\/posts\/20\/revisions"}],"wp:attachment":[{"href":"https:\/\/cec-ciecs.com.ar\/index.php?rest_route=%2Fwp%2Fv2%2Fmedia&parent=20"}],"wp:term":[{"taxonomy":"category","embeddable":true,"href":"https:\/\/cec-ciecs.com.ar\/index.php?rest_route=%2Fwp%2Fv2%2Fcategories&post=20"},{"taxonomy":"post_tag","embeddable":true,"href":"https:\/\/cec-ciecs.com.ar\/index.php?rest_route=%2Fwp%2Fv2%2Ftags&post=20"}],"curies":[{"name":"wp","href":"https:\/\/api.w.org\/{rel}","templated":true}]}}