{"id":18,"date":"2016-03-15T12:42:46","date_gmt":"2016-03-15T15:42:46","guid":{"rendered":"http:\/\/cec-ciecs.com.ar\/?p=18"},"modified":"2016-03-15T12:42:46","modified_gmt":"2016-03-15T15:42:46","slug":"aplicaciones-sociales-de-la-energia","status":"publish","type":"post","link":"https:\/\/cec-ciecs.com.ar\/?p=18","title":{"rendered":"Aplicaciones Sociales de la Energ\u00eda"},"content":{"rendered":"<h2>Aplicaciones Sociales de la Energ\u00eda\u00a0<\/h2>\n<p>El d\u00eda 26 de noviembre de 2014 se realiz\u00f3 en el Centro de Investigaciones y Estudios sobre Cultura y Sociedad, CIECS (CONICET y UNC), el Seminario de Aplicaciones Sociales de la Energ\u00eda. El evento fue organizado por el CEC (Comit\u00e9 de Energ\u00eda de C\u00f3rdoba) en el cual participaron importantes representantes de la materia que abordaron la problem\u00e1tica desde una perspectiva social y tecnol\u00f3gica.<\/p>\n<p><strong>Descargas<\/strong>: <a href=\"..\/pdf\/cec4\/malano.pdf\">malano<\/a>\u00a0&#8211; <a href=\"..\/pdf\/cec4\/pilatti.pdf\">pilatti<\/a>\u00a0&#8211; <a href=\"..\/pdf\/cec4\/puertolas.pdf\">puertolas<\/a>\u00a0&#8211;\u00a0<a href=\"..\/pdf\/cec4\/riso.pdf\">riso<\/a><\/p>\n","protected":false},"excerpt":{"rendered":"<p>Aplicaciones Sociales de la Energ\u00eda\u00a0 El d\u00eda 26 de noviembre de 2014 se realiz\u00f3 en el Centro de Investigaciones y Estudios sobre Cultura y Sociedad, CIECS (CONICET y UNC), el Seminario de Aplicaciones Sociales de la Energ\u00eda. El evento fue organizado por el CEC (Comit\u00e9 de Energ\u00eda de C\u00f3rdoba) en el cual participaron importantes representantes [&hellip;]<\/p>\n","protected":false},"author":1,"featured_media":0,"comment_status":"closed","ping_status":"closed","sticky":false,"template":"","format":"standard","meta":{"footnotes":""},"categories":[6],"tags":[],"class_list":["post-18","post","type-post","status-publish","format-standard","hentry","category-seminarios"],"_links":{"self":[{"href":"https:\/\/cec-ciecs.com.ar\/index.php?rest_route=\/wp\/v2\/posts\/18","targetHints":{"allow":["GET"]}}],"collection":[{"href":"https:\/\/cec-ciecs.com.ar\/index.php?rest_route=\/wp\/v2\/posts"}],"about":[{"href":"https:\/\/cec-ciecs.com.ar\/index.php?rest_route=\/wp\/v2\/types\/post"}],"author":[{"embeddable":true,"href":"https:\/\/cec-ciecs.com.ar\/index.php?rest_route=\/wp\/v2\/users\/1"}],"replies":[{"embeddable":true,"href":"https:\/\/cec-ciecs.com.ar\/index.php?rest_route=%2Fwp%2Fv2%2Fcomments&post=18"}],"version-history":[{"count":0,"href":"https:\/\/cec-ciecs.com.ar\/index.php?rest_route=\/wp\/v2\/posts\/18\/revisions"}],"wp:attachment":[{"href":"https:\/\/cec-ciecs.com.ar\/index.php?rest_route=%2Fwp%2Fv2%2Fmedia&parent=18"}],"wp:term":[{"taxonomy":"category","embeddable":true,"href":"https:\/\/cec-ciecs.com.ar\/index.php?rest_route=%2Fwp%2Fv2%2Fcategories&post=18"},{"taxonomy":"post_tag","embeddable":true,"href":"https:\/\/cec-ciecs.com.ar\/index.php?rest_route=%2Fwp%2Fv2%2Ftags&post=18"}],"curies":[{"name":"wp","href":"https:\/\/api.w.org\/{rel}","templated":true}]}}