{"id":1026,"date":"2026-03-11T14:35:27","date_gmt":"2026-03-11T17:35:27","guid":{"rendered":"https:\/\/cec-ciecs.com.ar\/?p=1026"},"modified":"2026-03-11T15:21:55","modified_gmt":"2026-03-11T18:21:55","slug":"proyecto-fotovoltaico-en-la-universidad-de-malaga-espana","status":"publish","type":"post","link":"https:\/\/cec-ciecs.com.ar\/?p=1026","title":{"rendered":"Proyecto fotovoltaico en la Universidad de M\u00e1laga, Espa\u00f1a."},"content":{"rendered":"\n<p>Nota de Mat\u00edas Stuber del d\u00eda viernes 27 de febrero de 2026.<\/p>\n\n\n\n<p>Diario Sur. Espa\u00f1a.<\/p>\n\n\n\n<p>La Fundaci\u00f3n Energ\u00eda C\u00f3rdoba junto al CEC- CIECS (CONICET y la UNC) y la Red Iberoamericana de Dom\u00f3tica y Eficiencia &#8211; RIDEE- presentan un proyecto fotovoltaico de su partner en Espa\u00f1a, el Instituto de Dom\u00f3tica y Eficiencia Energ\u00e9tica &#8211; IDEE- de la Universidad de M\u00e1laga, cuyo Director es el Dr. Francisco Guzm\u00e1n Navarro.<\/p>\n\n\n\n<p>Este proyecto puede ser replicado en los campus de las universidades de C\u00f3rdoba, Argentina y pa\u00edses de Am\u00e9rica Latina, sumando todas las medidas de eficiencia energ\u00e9tica correspondientes para lograr la sostenibilidad de los mismos, declar\u00f3 el Dr. Guzm\u00e1n Navarro.<\/p>\n\n\n\n<p>Seg\u00fan manifest\u00f3 el Vicerrector de Infraestructuras de la UMA, Dr. Salvador Merino C\u00f3rdoba, el plazo de ejecuci\u00f3n de este proyecto es de un a\u00f1o. Transformar\u00e1 los campus de la universidad en espacios 100% descarbonizados.<\/p>\n\n\n\n<p><\/p>\n\n\n\n<p>Nota del Diario Sur.<\/p>\n\n\n\n<p>La UMA, m\u00e1s cerca del sue\u00f1o de cubrir toda su demanda el\u00e9ctrica a trav\u00e9s del autoconsumo.<br>Adjudica un proyecto para instalar 27.000 paneles fotovoltaicos a la empresa malague\u00f1a GSL, con una inversi\u00f3n de 45,3 millones.<\/p>\n\n\n\n<p>Generar electricidad en casa, de forma sencilla y asequible, es algo que muchos anhelan, especialmente con el aumento de los precios de la energ\u00eda. Generar peque\u00f1as cantidades de electricidad por s\u00ed mismos, sin burocracia excesiva ni costes desorbitados, es posible en viviendas particulares. M\u00e1s ambicioso resulta, sin embargo, cuando se habla de grandes infraestructuras. La Universidad de M\u00e1laga (UMA) abarca varios campus y ahora est\u00e1 m\u00e1s cerca de ese sue\u00f1o del autoconsumo. Ser\u00e1 a trav\u00e9s de 27.000 paneles fotovoltaicos, como se inform\u00f3 este viernes, con la adjudicaci\u00f3n de un proyecto para instalar placas solares a la empresa malague\u00f1a Grupo Solar Lightning (GSL), con una inversi\u00f3n de 45,3 millones de euros.<\/p>\n\n\n\n<p>Seg\u00fan asegur\u00f3 a SUR el vicerrector de Infraestructuras de la UMA, Salvador Merino, el plazo de ejecuci\u00f3n de este proyecto es de un a\u00f1o. Transformar\u00e1 los campus de la universidad en espacios 100% descarbonizados.<\/p>\n\n\n\n<p>La iniciativa tambi\u00e9n generar\u00e1 un ahorro econ\u00f3mico significativo para la universidad. Despu\u00e9s de alcanzar en 2023 un m\u00e1ximo hist\u00f3rico de 9,3 millones de euros en gasto energ\u00e9tico, la UMA logr\u00f3 reducir esa cifra hasta los 5,08 millones en 2025. Con la entrada en funcionamiento de la nueva infraestructura, el desembolso anual caer\u00e1 a 3,3 millones y, una vez amortizada, se estabilizar\u00e1 en torno al mill\u00f3n de euros en concepto de mantenimiento.<\/p>\n\n\n\n<p>El proyecto abastecer\u00e1 las necesidades de energ\u00eda de una comunidad de m\u00e1s de 35.000 estudiantes y 4.000 trabajadores, distribuidos en cerca de dos millones de metros cuadrados, de los cuales m\u00e1s de 400.000 corresponden a superficie construida. Esta magnitud genera una demanda el\u00e9ctrica anual de aproximadamente 25 GWh. El patr\u00f3n de consumo es predominantemente diurno, lo que permitir\u00e1 un aprovechamiento \u00f3ptimo de la energ\u00eda solar.<\/p>\n\n\n\n<p>No obstante, algunas instalaciones cr\u00edticas, como laboratorios y sistemas especializados, requieren soluciones de almacenamiento adicionales. El plan contempla estas necesidades, garantizando que el suministro sea continuo, seguro y capaz de sostener la actividad acad\u00e9mica e investigadora sin interrupciones.<\/p>\n\n\n\n<p>Producci\u00f3n<br>Para cubrir la necesidad global, el proyecto prev\u00e9 alcanzar una producci\u00f3n anual superior a 28 GWh, superando la demanda energ\u00e9tica actual. La innovaci\u00f3n principal del proyecto reside en su arquitectura de integraci\u00f3n jer\u00e1rquica, denominada &#8216;Solar Architecturalism&#8217;, que hace que cada edificio act\u00fae como una unidad energ\u00e9tica local integrada en un sistema global. El sistema opera en tres niveles de prioridad:<\/p>\n\n\n\n<p>La prioridad uno (La c\u00e9lula) se centra en que cada edificio funcione como una unidad energ\u00e9tica aut\u00f3noma capaz de optimizar el uso inmediato de la energ\u00eda que genera en sus propias instalaciones.<\/p>\n\n\n\n<p>La prioridad dos (El sistema circulatorio) introduce una l\u00f3gica de cooperaci\u00f3n entre todos los centros mediante su interconexi\u00f3n a trav\u00e9s de un anillo de media tensi\u00f3n que opera como una microrred. Gracias a esta infraestructura, el excedente energ\u00e9tico generado por un edificio no se desperdicia ni se vierte a la red externa, sino que se redistribuye dentro del propio sistema para abastecer a aquellos que en ese momento presenten d\u00e9ficit.<\/p>\n\n\n\n<p>La prioridad tres (Estabilidad) se orienta al aprovechamiento de la energ\u00eda sobrante que no puede consumirse de forma inmediata dentro del sistema. Esta energ\u00eda se almacena mediante un sistema de bater\u00edas.<\/p>\n\n\n\n<p>Para garantizar la viabilidad t\u00e9cnica y evitar ca\u00eddas en el suministro, el proyecto integra un sistema de almacenamiento con una potencia de 9 MW y una capacidad \u00fatil de 30 MWh.<\/p>\n\n\n\n<p>Este sistema de bater\u00edas no solo almacena energ\u00eda, sino que act\u00faa con tecnolog\u00eda \u00abGrid-Forming\u00bb, funcionando como el elemento maestro que establece la referencia de tensi\u00f3n y frecuencia para todo el campus. De este modo, garantiza la estabilidad del sistema al absorber los picos de generaci\u00f3n y ofrecer una resiliencia total frente a posibles perturbaciones de la red externa.<\/p>\n\n\n\n<figure class=\"wp-block-image size-full\"><img loading=\"lazy\" decoding=\"async\" width=\"718\" height=\"503\" src=\"https:\/\/cec-ciecs.com.ar\/wp-content\/uploads\/2026\/03\/Proyecto.jpg\" alt=\"\" class=\"wp-image-1027\" srcset=\"https:\/\/cec-ciecs.com.ar\/wp-content\/uploads\/2026\/03\/Proyecto.jpg 718w, https:\/\/cec-ciecs.com.ar\/wp-content\/uploads\/2026\/03\/Proyecto-300x210.jpg 300w\" sizes=\"auto, (max-width: 718px) 100vw, 718px\" \/><\/figure>\n","protected":false},"excerpt":{"rendered":"<p>Nota de Mat\u00edas Stuber del d\u00eda viernes 27 de febrero de 2026. Diario Sur. Espa\u00f1a. La Fundaci\u00f3n Energ\u00eda C\u00f3rdoba junto al CEC- CIECS (CONICET y la UNC) y la Red Iberoamericana de Dom\u00f3tica y Eficiencia &#8211; RIDEE- presentan un proyecto fotovoltaico de su partner en Espa\u00f1a, el Instituto de Dom\u00f3tica y Eficiencia Energ\u00e9tica &#8211; IDEE- [&hellip;]<\/p>\n","protected":false},"author":1,"featured_media":0,"comment_status":"closed","ping_status":"closed","sticky":false,"template":"","format":"standard","meta":{"footnotes":""},"categories":[1],"tags":[],"class_list":["post-1026","post","type-post","status-publish","format-standard","hentry","category-sin-categoria"],"_links":{"self":[{"href":"https:\/\/cec-ciecs.com.ar\/index.php?rest_route=\/wp\/v2\/posts\/1026","targetHints":{"allow":["GET"]}}],"collection":[{"href":"https:\/\/cec-ciecs.com.ar\/index.php?rest_route=\/wp\/v2\/posts"}],"about":[{"href":"https:\/\/cec-ciecs.com.ar\/index.php?rest_route=\/wp\/v2\/types\/post"}],"author":[{"embeddable":true,"href":"https:\/\/cec-ciecs.com.ar\/index.php?rest_route=\/wp\/v2\/users\/1"}],"replies":[{"embeddable":true,"href":"https:\/\/cec-ciecs.com.ar\/index.php?rest_route=%2Fwp%2Fv2%2Fcomments&post=1026"}],"version-history":[{"count":2,"href":"https:\/\/cec-ciecs.com.ar\/index.php?rest_route=\/wp\/v2\/posts\/1026\/revisions"}],"predecessor-version":[{"id":1029,"href":"https:\/\/cec-ciecs.com.ar\/index.php?rest_route=\/wp\/v2\/posts\/1026\/revisions\/1029"}],"wp:attachment":[{"href":"https:\/\/cec-ciecs.com.ar\/index.php?rest_route=%2Fwp%2Fv2%2Fmedia&parent=1026"}],"wp:term":[{"taxonomy":"category","embeddable":true,"href":"https:\/\/cec-ciecs.com.ar\/index.php?rest_route=%2Fwp%2Fv2%2Fcategories&post=1026"},{"taxonomy":"post_tag","embeddable":true,"href":"https:\/\/cec-ciecs.com.ar\/index.php?rest_route=%2Fwp%2Fv2%2Ftags&post=1026"}],"curies":[{"name":"wp","href":"https:\/\/api.w.org\/{rel}","templated":true}]}}